{"id":1631,"date":"2018-06-15T08:17:15","date_gmt":"2018-06-15T08:17:15","guid":{"rendered":"http:\/\/www.makom.com\/?p=1631"},"modified":"2018-07-23T12:24:03","modified_gmt":"2018-07-23T12:24:03","slug":"kasseler-gartenkultur","status":"publish","type":"post","link":"https:\/\/www.makom.net\/?p=1631","title":{"rendered":"Kasseler Gartenkultur"},"content":{"rendered":"<p>Im Mai 2018 wird mit Cubes auf das Programm in den Parks und G\u00e4rten in Kassel hingewiesen, die w\u00e4hrend der Entdeckungsreise neu erlebt werden k\u00f6nnen. Diese Neue Veranstaltung wurde von Kassel Marketing ins Leben gerufen.<\/p>\n<p>Realisation: Makom 3.0<\/p>\n<p><img loading=\"lazy\" class=\"aligncenter size-full wp-image-1639\" src=\"http:\/\/makom.megaart.de\/wp-content\/uploads\/2018\/06\/Garten-Kultur-Kassel.jpg\" alt=\"\" width=\"1800\" height=\"1800\" srcset=\"https:\/\/www.makom.net\/wp-content\/uploads\/2018\/06\/Garten-Kultur-Kassel.jpg 1800w, https:\/\/www.makom.net\/wp-content\/uploads\/2018\/06\/Garten-Kultur-Kassel-150x150.jpg 150w, https:\/\/www.makom.net\/wp-content\/uploads\/2018\/06\/Garten-Kultur-Kassel-300x300.jpg 300w, https:\/\/www.makom.net\/wp-content\/uploads\/2018\/06\/Garten-Kultur-Kassel-768x768.jpg 768w, https:\/\/www.makom.net\/wp-content\/uploads\/2018\/06\/Garten-Kultur-Kassel-1024x1024.jpg 1024w\" sizes=\"(max-width: 1800px) 100vw, 1800px\" \/> <img loading=\"lazy\" class=\"aligncenter size-full wp-image-1640\" src=\"http:\/\/makom.megaart.de\/wp-content\/uploads\/2018\/06\/GartenKultur-Kassel-2.jpg\" alt=\"\" width=\"1800\" height=\"1013\" srcset=\"https:\/\/www.makom.net\/wp-content\/uploads\/2018\/06\/GartenKultur-Kassel-2.jpg 1800w, https:\/\/www.makom.net\/wp-content\/uploads\/2018\/06\/GartenKultur-Kassel-2-200x113.jpg 200w, https:\/\/www.makom.net\/wp-content\/uploads\/2018\/06\/GartenKultur-Kassel-2-400x225.jpg 400w, https:\/\/www.makom.net\/wp-content\/uploads\/2018\/06\/GartenKultur-Kassel-2-768x432.jpg 768w, https:\/\/www.makom.net\/wp-content\/uploads\/2018\/06\/GartenKultur-Kassel-2-1024x576.jpg 1024w\" sizes=\"(max-width: 1800px) 100vw, 1800px\" \/><\/p>\n","protected":false},"excerpt":{"rendered":"<p>Im Mai 2018 wird mit Cubes auf das Programm in den Parks und G\u00e4rten in Kassel hingewiesen, die w\u00e4hrend der Entdeckungsreise neu erlebt werden k\u00f6nnen. Diese Neue Veranstaltung wurde von Kassel Marketing ins Leben gerufen. Realisation: Makom 3.0<\/p>\n","protected":false},"author":1,"featured_media":1640,"comment_status":"closed","ping_status":"closed","sticky":false,"template":"","format":"standard","meta":[],"categories":[1],"tags":[],"_links":{"self":[{"href":"https:\/\/www.makom.net\/index.php?rest_route=\/wp\/v2\/posts\/1631"}],"collection":[{"href":"https:\/\/www.makom.net\/index.php?rest_route=\/wp\/v2\/posts"}],"about":[{"href":"https:\/\/www.makom.net\/index.php?rest_route=\/wp\/v2\/types\/post"}],"author":[{"embeddable":true,"href":"https:\/\/www.makom.net\/index.php?rest_route=\/wp\/v2\/users\/1"}],"replies":[{"embeddable":true,"href":"https:\/\/www.makom.net\/index.php?rest_route=%2Fwp%2Fv2%2Fcomments&post=1631"}],"version-history":[{"count":4,"href":"https:\/\/www.makom.net\/index.php?rest_route=\/wp\/v2\/posts\/1631\/revisions"}],"predecessor-version":[{"id":1701,"href":"https:\/\/www.makom.net\/index.php?rest_route=\/wp\/v2\/posts\/1631\/revisions\/1701"}],"wp:featuredmedia":[{"embeddable":true,"href":"https:\/\/www.makom.net\/index.php?rest_route=\/wp\/v2\/media\/1640"}],"wp:attachment":[{"href":"https:\/\/www.makom.net\/index.php?rest_route=%2Fwp%2Fv2%2Fmedia&parent=1631"}],"wp:term":[{"taxonomy":"category","embeddable":true,"href":"https:\/\/www.makom.net\/index.php?rest_route=%2Fwp%2Fv2%2Fcategories&post=1631"},{"taxonomy":"post_tag","embeddable":true,"href":"https:\/\/www.makom.net\/index.php?rest_route=%2Fwp%2Fv2%2Ftags&post=1631"}],"curies":[{"name":"wp","href":"https:\/\/api.w.org\/{rel}","templated":true}]}}